{"id":27517,"date":"2025-06-10T09:25:46","date_gmt":"2025-06-10T09:25:46","guid":{"rendered":"https:\/\/www.weland.com\/?p=27517"},"modified":"2025-06-10T09:25:49","modified_gmt":"2025-06-10T09:25:49","slug":"drivande-kraft-bakom-standiga-forbattringar","status":"publish","type":"post","link":"https:\/\/www.weland.com\/sv\/drivande-kraft-bakom-standiga-forbattringar\/","title":{"rendered":"Drivande kraft bakom st\u00e4ndiga f\u00f6rb\u00e4ttringar"},"content":{"rendered":"\n<div class=\"wp-block-cover alignfull is-light\"><img loading=\"lazy\" decoding=\"async\" width=\"2000\" height=\"800\" class=\"wp-block-cover__image-background wp-image-27519 size-full\" alt=\"Anita Westin\" src=\"https:\/\/www.weland.com\/wp-content\/uploads\/2025\/06\/anita-westin-2000x800-aw00013566.jpg\" data-object-fit=\"cover\" srcset=\"https:\/\/www.weland.com\/wp-content\/uploads\/2025\/06\/anita-westin-2000x800-aw00013566.jpg 2000w, https:\/\/www.weland.com\/wp-content\/uploads\/2025\/06\/anita-westin-2000x800-aw00013566-300x120.jpg 300w, https:\/\/www.weland.com\/wp-content\/uploads\/2025\/06\/anita-westin-2000x800-aw00013566-1024x410.jpg 1024w, https:\/\/www.weland.com\/wp-content\/uploads\/2025\/06\/anita-westin-2000x800-aw00013566-150x60.jpg 150w, https:\/\/www.weland.com\/wp-content\/uploads\/2025\/06\/anita-westin-2000x800-aw00013566-768x307.jpg 768w, https:\/\/www.weland.com\/wp-content\/uploads\/2025\/06\/anita-westin-2000x800-aw00013566-1536x614.jpg 1536w, https:\/\/www.weland.com\/wp-content\/uploads\/2025\/06\/anita-westin-2000x800-aw00013566-1568x627.jpg 1568w\" sizes=\"auto, (max-width: 2000px) 100vw, 2000px\" \/><span aria-hidden=\"true\" class=\"wp-block-cover__background has-background-dim-0 has-background-dim\" style=\"background-color:#989185\"><\/span><div class=\"wp-block-cover__inner-container is-layout-flow wp-block-cover-is-layout-flow\">\n<p class=\"has-text-align-center has-large-font-size\"><\/p>\n<\/div><\/div>\n\n\n\n<div class=\"wp-block-columns alignwide is-layout-flex wp-container-core-columns-is-layout-9d6595d7 wp-block-columns-is-layout-flex\">\n<div class=\"wp-block-column is-layout-flow wp-block-column-is-layout-flow\" style=\"flex-basis:66.66%\">        <div class=\"container page-breadcrumb\">\n            <div class=\"row\">\n                <div class=\"col-sm-12\" style=\"padding-left: 0\">\n                    <nav aria-label=\"breadcrumb\">\n                        <ol class=\"breadcrumb\">\n                            <li class=\"breadcrumb-item\">\n                                <a href=\"https:\/\/www.weland.com\/sv\/\">Startsida<\/a>\n                            <\/li>\n                              \n                                                            <li class=\"breadcrumb-item CC active\" aria-current=\"page\">\n                                    Drivande kraft bakom st\u00e4ndiga f\u00f6rb\u00e4ttringar                                <\/li>\n                                                    <\/ol>\n                    <\/nav>\n                <\/div>\n            <\/div>\n        <\/div>\n\n        \n\n\n<h1 class=\"wp-block-heading\">Drivande kraft bakom st\u00e4ndiga f\u00f6rb\u00e4ttringar<\/h1>\n\n\n\n<p>En enkel fr\u00e5ga under en tidigare anst\u00e4llning, blev startskottet f\u00f6r Anita Westins resa till hennes nuvarande roll som kvalitets- och milj\u00f6chef p\u00e5 Weland AB. Redan d\u00e5 drevs hon av en vilja att f\u00f6rst\u00e5 och st\u00e4ndigt f\u00f6rb\u00e4ttra.<\/p>\n\n\n\n<p>Kvalitet- och milj\u00f6omr\u00e5det inom Weland AB \u00e4r omfattande. Tillsammans med fem tekniker arbetar hon med att uppr\u00e4tth\u00e5lla h\u00f6ga kvalitetsstandarder, hantera reklamationer och s\u00e4kerst\u00e4lla att f\u00f6retaget uppfyller de h\u00f6gt st\u00e4llda kraven p\u00e5 kvalitet och milj\u00f6ansvar. De samarbetar n\u00e4ra leverant\u00f6rer, kunder och kollegor. En central del av hennes arbete \u00e4r att proaktivt f\u00f6rebygga problem genom st\u00e4ndiga processf\u00f6rb\u00e4ttringar.&nbsp;<\/p>\n\n\n\n<p><strong>Probleml\u00f6sning och l\u00e4rande som drivkraft<\/strong><br>Kombinationen av probleml\u00f6sning och st\u00e4ndigt l\u00e4rande \u00e4r det som Anita uppskattar mest med sitt arbete.<\/p>\n\n\n\n<p>\u201dAtt f\u00e5 vara med och p\u00e5verka och att arbeta i ett f\u00f6retag med korta beslutsv\u00e4gar \u00e4r en stor f\u00f6rdel. Utmaningarna ligger i f\u00f6r\u00e4ndringarna inom milj\u00f6omr\u00e5det och d\u00e4rmed behovet av att st\u00e4ndigt anpassa sig till nya krav och f\u00f6rv\u00e4ntningar\u201d, s\u00e4ger Anita.<\/p>\n\n\n\n<p><strong>En trygg arbetsplats och v\u00e4rdefulla relationer<\/strong><br>Anita uppskattar den familj\u00e4ra atmosf\u00e4ren p\u00e5 Weland AB. Hon beskriver sin n\u00e4rmsta chef som \u00f6ppen och tillm\u00f6tesg\u00e5ende och k\u00e4nner ett stort f\u00f6rtroende.<\/p>\n\n\n\n<p>\u201dD\u00f6rren \u00e4r alltid \u00f6ppen och det \u00e4r h\u00f6gt i tak. Medm\u00e4nsklighet \u00e4r nog det b\u00e4sta ordet f\u00f6r att beskriva Weland AB,&#8221; s\u00e4ger hon.<\/p>\n\n\n\n<p>P\u00e5 fritiden, n\u00e4r Anita inte arbetar med att f\u00f6rb\u00e4ttra Weland ABs kvalitets- och milj\u00f6arbete, reser hon g\u00e4rna. Hon har en speciell k\u00e4rlek till Indien och dess kultur, men \u00e4ven Sveriges huvudstad lockar d\u00e4r hennes f\u00f6rsta barnbarn finns.<\/p>\n\n\n\n<p><\/p>\n\n\n\n<p><\/p>\n\n\n\n<p><strong>Publicerad:<\/strong>\u00a02025-06-10<\/p>\n<\/div>\n\n\n\n<div class=\"wp-block-column is-layout-flow wp-block-column-is-layout-flow\" style=\"flex-basis:33.33%\"><div class=\"row\">\n        <div class=\"col-12 ProductInfoBox\">\n        <div id=\"ProductCarousel-block_4f47e4ffa2a05c94365b2e16103d6131\" class=\"welandCarousel carousel slide\"\n             data-interval=\"false\" data-ride=\"carousel\">\n                                    <div class=\"carousel-inner\" style=\"\">\n                                                                                            <div class=\"carousel-item active\">\n                        <div class=\"magnifier-box c\">\n                                                        <a href=\"https:\/\/www.weland.com\/wp-content\/uploads\/2025\/06\/anita-westin-1200x1200-73A0520.jpg\" \n                               data-caption=\"Anita Westin\"\n                               data-photoswipe=\"photoswipe-block_4f47e4ffa2a05c94365b2e16103d6131\"\n                               class=\"lightbox-gallery\" data-width=\"1200\"\n                               data-height=\"1200\"\n                               data-fancybox=\"gallery-block_4f47e4ffa2a05c94365b2e16103d6131\">\n                                                                <div class=\"lightbox-container\">\n                                    <img decoding=\"async\" src=\"https:\/\/www.weland.com\/wp-content\/uploads\/2025\/06\/anita-westin-1200x1200-73A0520-768x768.jpg\"\n                                         alt=\"Anita Westin\" class=\"d-block w-100\">\n                                      \n\n\n                                      \n                                    <div class=\"buttons\">\n                                        <i class=\"fal fa-search fa-2x\" aria-hidden=\"true\"><\/i>\n                                    <\/div>\n                                <\/div>\n                                                            <\/a>\n                                                    <\/div>\n                    <\/div>\n                                                <\/div>\n                    <\/div>\n    <\/div>\n<\/div>\n\n\n\n<p><br><\/p>\n<\/div>\n<\/div>\n","protected":false},"excerpt":{"rendered":"<p>En enkel fr\u00e5ga blev startskottet f\u00f6r Anita Westins resa till hennes nuvarande roll som kvalitets- och milj\u00f6chef p\u00e5 Weland AB.<\/p>\n","protected":false},"author":8,"featured_media":27523,"comment_status":"closed","ping_status":"closed","sticky":false,"template":"","format":"standard","meta":{"_acf_changed":false,"inline_featured_image":false,"footnotes":""},"categories":[1],"tags":[],"class_list":["post-27517","post","type-post","status-publish","format-standard","has-post-thumbnail","hentry","category-okategoriserad"],"acf":[],"featured_image_src":"https:\/\/www.weland.com\/wp-content\/uploads\/2025\/06\/anita-westin-600x600-aw00013566.jpg","author_info":{"display_name":"Stefan-idr","author_link":"https:\/\/www.weland.com\/sv\/author\/stefan-idr\/"},"_links":{"self":[{"href":"https:\/\/www.weland.com\/sv\/wp-json\/wp\/v2\/posts\/27517","targetHints":{"allow":["GET"]}}],"collection":[{"href":"https:\/\/www.weland.com\/sv\/wp-json\/wp\/v2\/posts"}],"about":[{"href":"https:\/\/www.weland.com\/sv\/wp-json\/wp\/v2\/types\/post"}],"author":[{"embeddable":true,"href":"https:\/\/www.weland.com\/sv\/wp-json\/wp\/v2\/users\/8"}],"replies":[{"embeddable":true,"href":"https:\/\/www.weland.com\/sv\/wp-json\/wp\/v2\/comments?post=27517"}],"version-history":[{"count":2,"href":"https:\/\/www.weland.com\/sv\/wp-json\/wp\/v2\/posts\/27517\/revisions"}],"predecessor-version":[{"id":27527,"href":"https:\/\/www.weland.com\/sv\/wp-json\/wp\/v2\/posts\/27517\/revisions\/27527"}],"wp:featuredmedia":[{"embeddable":true,"href":"https:\/\/www.weland.com\/sv\/wp-json\/wp\/v2\/media\/27523"}],"wp:attachment":[{"href":"https:\/\/www.weland.com\/sv\/wp-json\/wp\/v2\/media?parent=27517"}],"wp:term":[{"taxonomy":"category","embeddable":true,"href":"https:\/\/www.weland.com\/sv\/wp-json\/wp\/v2\/categories?post=27517"},{"taxonomy":"post_tag","embeddable":true,"href":"https:\/\/www.weland.com\/sv\/wp-json\/wp\/v2\/tags?post=27517"}],"curies":[{"name":"wp","href":"https:\/\/api.w.org\/{rel}","templated":true}]}}