{"id":25150,"date":"2024-08-30T10:13:01","date_gmt":"2024-08-30T10:13:01","guid":{"rendered":"https:\/\/www.weland.com\/?p=25150"},"modified":"2024-08-30T10:13:03","modified_gmt":"2024-08-30T10:13:03","slug":"weland-visar-vagen-upp-i-karven","status":"publish","type":"post","link":"https:\/\/www.weland.com\/sv\/weland-visar-vagen-upp-i-karven\/","title":{"rendered":"Weland visar v\u00e4gen upp i K\u00e4rven"},"content":{"rendered":"\n<div class=\"wp-block-cover alignfull is-light\"><span aria-hidden=\"true\" class=\"wp-block-cover__background has-background-dim-0 has-background-dim\" style=\"background-color:#74777b\"><\/span><img loading=\"lazy\" decoding=\"async\" width=\"2000\" height=\"800\" class=\"wp-block-cover__image-background wp-image-25160\" alt=\"\" src=\"https:\/\/www.weland.com\/wp-content\/uploads\/2024\/08\/karven-2000x800-73A3534-1.jpg\" data-object-fit=\"cover\" srcset=\"https:\/\/www.weland.com\/wp-content\/uploads\/2024\/08\/karven-2000x800-73A3534-1.jpg 2000w, https:\/\/www.weland.com\/wp-content\/uploads\/2024\/08\/karven-2000x800-73A3534-1-300x120.jpg 300w, https:\/\/www.weland.com\/wp-content\/uploads\/2024\/08\/karven-2000x800-73A3534-1-1024x410.jpg 1024w, https:\/\/www.weland.com\/wp-content\/uploads\/2024\/08\/karven-2000x800-73A3534-1-150x60.jpg 150w, https:\/\/www.weland.com\/wp-content\/uploads\/2024\/08\/karven-2000x800-73A3534-1-768x307.jpg 768w, https:\/\/www.weland.com\/wp-content\/uploads\/2024\/08\/karven-2000x800-73A3534-1-1536x614.jpg 1536w, https:\/\/www.weland.com\/wp-content\/uploads\/2024\/08\/karven-2000x800-73A3534-1-1568x627.jpg 1568w\" sizes=\"auto, (max-width: 2000px) 100vw, 2000px\" \/><div class=\"wp-block-cover__inner-container is-layout-flow wp-block-cover-is-layout-flow\">\n<p class=\"has-text-align-center has-large-font-size\"><\/p>\n<\/div><\/div>\n\n\n\n<div class=\"wp-block-columns alignwide is-layout-flex wp-container-core-columns-is-layout-9d6595d7 wp-block-columns-is-layout-flex\">\n<div class=\"wp-block-column is-layout-flow wp-block-column-is-layout-flow\" style=\"flex-basis:66.66%\">        <div class=\"container page-breadcrumb\">\n            <div class=\"row\">\n                <div class=\"col-sm-12\" style=\"padding-left: 0\">\n                    <nav aria-label=\"breadcrumb\">\n                        <ol class=\"breadcrumb\">\n                            <li class=\"breadcrumb-item\">\n                                <a href=\"https:\/\/www.weland.com\/sv\/\">Startsida<\/a>\n                            <\/li>\n                              \n                                                            <li class=\"breadcrumb-item CC active\" aria-current=\"page\">\n                                    Weland visar v\u00e4gen upp i K\u00e4rven                                <\/li>\n                                                    <\/ol>\n                    <\/nav>\n                <\/div>\n            <\/div>\n        <\/div>\n\n        \n\n\n<h1 class=\"wp-block-heading\"><strong><strong>Weland visar v\u00e4gen upp i K\u00e4rven<\/strong><\/strong><\/h1>\n\n\n\n<p>Det nya utsiktstornet p\u00e5 Getter\u00f6n har f\u00e5tt namnet K\u00e4rven och \u00e4r Varbergs nya landm\u00e4rke. Den varmf\u00f6rzinkade spiraltrappan fr\u00e5n Weland leder bes\u00f6karna tryggt och s\u00e4kert upp i det 12 meter h\u00f6ga tornet. V\u00e4l d\u00e4r uppe breder en 360 graders utsikt \u00f6ver naturreservatet ut sig. Bakom den arkitektoniska id\u00e9n och formgivningen st\u00e5r White Arkitekter.<\/p>\n\n\n\n<p>F\u00f6rutom den traditionella funktionen av ett utsiktstorn, var kravet fr\u00e5n Varbergs kommun att det \u00e4ven skulle k\u00e4nnetecknas av n\u00e5got unikt, vara tillg\u00e4ngligt f\u00f6r m\u00e5nga och en upplevelse f\u00f6r b\u00e5da vuxna och barn.<\/p>\n\n\n\n<p>Dessa kriterier kokade teamet p\u00e5 White Arkitekter ner till K\u00e4rven som med sin tydliga silhuett, konstruktion och material sticker ut och \u00e4r unikt i sitt slag. Tornet \u00e4r tillverkat av raka tr\u00e4reglar i standardm\u00e5tt som har monterats som ett tredimensionellt pussel. Det f\u00f6rsta steget in i tornet leder in till ett rum i markplan d\u00e4r man kan ta en paus i skydd f\u00f6r v\u00e4der och vind, och p\u00e5 v\u00e4gen upp ser konstruktionens ribbverk och form till att effektivt bryta vinden.<\/p>\n\n\n\n<p><strong>\u201dWeland \u00e4r n\u00e4rmast synonymt med spiraltrappor i Sverige\u201d<br><\/strong>Den som s\u00e4ger det \u00e4r Lukas Nordstr\u00f6m som \u00e4r den ansvariga arkitekten bakom K\u00e4rven. <\/p>\n\n\n\n<p>\u2013 Weland var f\u00f6reskrivna i v\u00e5ra ritningar. Med Weland \u00e4r man trygg med b\u00e5de produktkvalitet och den samlade kompetens och kunskap som finns d\u00e4r. Dessutom finns det en flexibilitet som g\u00f6r kundanpassningar m\u00f6jliga och det uppskattar jag, s\u00e4ger han.<\/p>\n\n\n\n<p>G\u00f6ran Lagesson arbetar som s\u00e4ljare p\u00e5 Weland och har tillsammans med f\u00f6retagets konstruktionsavdelning tagit fram trappl\u00f6sningen. <\/p>\n\n\n\n<p>\u2013 P\u00e5 Weland har vi arbetat t\u00e4tt samman med b\u00e5de White Arkitekter och Ramboll som har haft totalansvar f\u00f6r tornets konstruktion. Ett samarbete som har fungerat mycket bra, s\u00e4ger han.<\/p>\n\n\n\n<p>Det \u00e4r inte f\u00f6rsta g\u00e5ngen som Lukas och White Arkitekter har kontakt med Weland och Lukas upplever att samarbetet alltid har fungerat precis som han har \u00f6nskat.<\/p>\n\n\n\n<p>\u2013 En bra dialog, snabb \u00e5terkoppling p\u00e5 mina fr\u00e5gor och en proaktivitet n\u00e4r det g\u00e4ller att presentera vilka m\u00f6jligheter och l\u00f6sningar som finns. Vi har haft t\u00e4t och intensiv dialog i detta projekt och samarbetet har fungerat perfekt med b\u00e5de Weland och Ramboll. Jag \u00e4r mer \u00e4n n\u00f6jd.<\/p>\n\n\n\n<p><strong><em>OM K\u00c4RVEN<\/em><\/strong><br><em>K\u00e4rven \u00e4r ritad av White Arkitekter och \u00e4r ett timglasformat torn av tr\u00e4 som best\u00e5r av 140 stycken 13 meter l\u00e5nga reglar, som fogats samman till en t\u00e4t fl\u00e4tstruktur. En spiraltrappa fr\u00e5n Weland leder upp till \u00f6vre planet med magnifik panoramautsikt. P\u00e5 toppen finns ett st\u00e5bord hela v\u00e4gen runt och en sittb\u00e4nk f\u00f6r att vila eller f\u00f6r barn att st\u00e5 p\u00e5 f\u00f6r fri sikt.<\/em><\/p>\n\n\n\n<div style=\"height:23px\" aria-hidden=\"true\" class=\"wp-block-spacer\"><\/div>\n\n\n\n<p><strong>Publicerad:<\/strong>&nbsp;2024-08-30<\/p>\n<\/div>\n\n\n\n<div class=\"wp-block-column is-layout-flow wp-block-column-is-layout-flow\" style=\"flex-basis:33.33%\"><div class=\"row\">\n        <div class=\"col-12 ProductInfoBox\">\n        <div id=\"ProductCarousel-block_ff6267251aa14976bba1405f56a63b14\" class=\"welandCarousel carousel slide\"\n             data-interval=\"false\" data-ride=\"carousel\">\n                                    <div class=\"carousel-inner\" style=\"\">\n                                                                                            <div class=\"carousel-item active\">\n                        <div class=\"magnifier-box c\">\n                                                        <a href=\"https:\/\/www.weland.com\/wp-content\/uploads\/2024\/08\/karven-1200x1800-73A3475.jpg\" \n                               data-caption=\"\"\n                               data-photoswipe=\"photoswipe-block_ff6267251aa14976bba1405f56a63b14\"\n                               class=\"lightbox-gallery\" data-width=\"1200\"\n                               data-height=\"1800\"\n                               data-fancybox=\"gallery-block_ff6267251aa14976bba1405f56a63b14\">\n                                                                <div class=\"lightbox-container\">\n                                    <img decoding=\"async\" src=\"https:\/\/www.weland.com\/wp-content\/uploads\/2024\/08\/karven-1200x1800-73A3475-768x1152.jpg\"\n                                         alt=\"\" class=\"d-block w-100\">\n                                      \n\n\n                                      \n                                    <div class=\"buttons\">\n                                        <i class=\"fal fa-search fa-2x\" aria-hidden=\"true\"><\/i>\n                                    <\/div>\n                                <\/div>\n                                                            <\/a>\n                                                    <\/div>\n                    <\/div>\n                                                <\/div>\n                    <\/div>\n    <\/div>\n<\/div>\n\n\n\n<p><br><\/p>\n<\/div>\n<\/div>\n","protected":false},"excerpt":{"rendered":"<p>Det nya utsiktstornet p\u00e5 Getter\u00f6n har f\u00e5tt namnet K\u00e4rven och \u00e4r Varbergs nya landm\u00e4rke. Den varmf\u00f6rzinkade spiraltrappan fr\u00e5n Weland leder bes\u00f6karna tryggt och s\u00e4kert upp i det 12 meter h\u00f6ga tornet.<\/p>\n","protected":false},"author":21,"featured_media":25155,"comment_status":"closed","ping_status":"open","sticky":false,"template":"","format":"standard","meta":{"_acf_changed":false,"inline_featured_image":false,"footnotes":""},"categories":[1],"tags":[],"class_list":["post-25150","post","type-post","status-publish","format-standard","has-post-thumbnail","hentry","category-okategoriserad"],"acf":[],"featured_image_src":"https:\/\/www.weland.com\/wp-content\/uploads\/2024\/08\/karven-600x600-73A3534.jpg","author_info":{"display_name":"_idr_kalle","author_link":"https:\/\/www.weland.com\/sv\/author\/_idr_kalle\/"},"_links":{"self":[{"href":"https:\/\/www.weland.com\/sv\/wp-json\/wp\/v2\/posts\/25150","targetHints":{"allow":["GET"]}}],"collection":[{"href":"https:\/\/www.weland.com\/sv\/wp-json\/wp\/v2\/posts"}],"about":[{"href":"https:\/\/www.weland.com\/sv\/wp-json\/wp\/v2\/types\/post"}],"author":[{"embeddable":true,"href":"https:\/\/www.weland.com\/sv\/wp-json\/wp\/v2\/users\/21"}],"replies":[{"embeddable":true,"href":"https:\/\/www.weland.com\/sv\/wp-json\/wp\/v2\/comments?post=25150"}],"version-history":[{"count":4,"href":"https:\/\/www.weland.com\/sv\/wp-json\/wp\/v2\/posts\/25150\/revisions"}],"predecessor-version":[{"id":25164,"href":"https:\/\/www.weland.com\/sv\/wp-json\/wp\/v2\/posts\/25150\/revisions\/25164"}],"wp:featuredmedia":[{"embeddable":true,"href":"https:\/\/www.weland.com\/sv\/wp-json\/wp\/v2\/media\/25155"}],"wp:attachment":[{"href":"https:\/\/www.weland.com\/sv\/wp-json\/wp\/v2\/media?parent=25150"}],"wp:term":[{"taxonomy":"category","embeddable":true,"href":"https:\/\/www.weland.com\/sv\/wp-json\/wp\/v2\/categories?post=25150"},{"taxonomy":"post_tag","embeddable":true,"href":"https:\/\/www.weland.com\/sv\/wp-json\/wp\/v2\/tags?post=25150"}],"curies":[{"name":"wp","href":"https:\/\/api.w.org\/{rel}","templated":true}]}}