{"id":20789,"date":"2022-10-17T10:04:54","date_gmt":"2022-10-17T10:04:54","guid":{"rendered":"https:\/\/www.weland.com\/?p=20789"},"modified":"2024-11-12T10:35:33","modified_gmt":"2024-11-12T10:35:33","slug":"robert-eriksson","status":"publish","type":"post","link":"https:\/\/www.weland.com\/sv\/robert-eriksson\/","title":{"rendered":"Robert Eriksson"},"content":{"rendered":"\n<div class=\"wp-block-cover alignfull has-custom-content-position is-position-bottom-left\"><span aria-hidden=\"true\" class=\"wp-block-cover__background has-background-dim-0 has-background-dim\"><\/span><img loading=\"lazy\" decoding=\"async\" width=\"2100\" height=\"1400\" class=\"wp-block-cover__image-background wp-image-20962\" alt=\"\" src=\"https:\/\/www.weland.com\/wp-content\/uploads\/2022\/10\/robert_eriksson-aw00014601-2100x1400-1.jpg\" style=\"object-position:50% 21%\" data-object-fit=\"cover\" data-object-position=\"50% 21%\" srcset=\"https:\/\/www.weland.com\/wp-content\/uploads\/2022\/10\/robert_eriksson-aw00014601-2100x1400-1.jpg 2100w, https:\/\/www.weland.com\/wp-content\/uploads\/2022\/10\/robert_eriksson-aw00014601-2100x1400-1-300x200.jpg 300w, https:\/\/www.weland.com\/wp-content\/uploads\/2022\/10\/robert_eriksson-aw00014601-2100x1400-1-1024x683.jpg 1024w, https:\/\/www.weland.com\/wp-content\/uploads\/2022\/10\/robert_eriksson-aw00014601-2100x1400-1-150x100.jpg 150w, https:\/\/www.weland.com\/wp-content\/uploads\/2022\/10\/robert_eriksson-aw00014601-2100x1400-1-768x512.jpg 768w, https:\/\/www.weland.com\/wp-content\/uploads\/2022\/10\/robert_eriksson-aw00014601-2100x1400-1-1536x1024.jpg 1536w, https:\/\/www.weland.com\/wp-content\/uploads\/2022\/10\/robert_eriksson-aw00014601-2100x1400-1-2048x1365.jpg 2048w, https:\/\/www.weland.com\/wp-content\/uploads\/2022\/10\/robert_eriksson-aw00014601-2100x1400-1-1568x1045.jpg 1568w\" sizes=\"auto, (max-width: 2100px) 100vw, 2100px\" \/><div class=\"wp-block-cover__inner-container is-layout-flow wp-block-cover-is-layout-flow\">\n<div class=\"wp-block-group has-grev-rgba-background-color has-background\"><div class=\"wp-block-group__inner-container is-layout-flow wp-block-group-is-layout-flow\">\n<h1 class=\"wp-block-heading has-black-color has-text-color\">ROBERT ERIKSSON<\/h1>\n\n\n\n<p class=\"has-black-color has-text-color\">\u201dH\u00e4r investerar man i sin personal\u201d.<\/p>\n<\/div><\/div>\n<\/div><\/div>\n\n\n\n<div class=\"wp-block-group hide-on-desktop\"><div class=\"wp-block-group__inner-container is-layout-flow wp-block-group-is-layout-flow\">\n<div style=\"height:20px\" aria-hidden=\"true\" class=\"wp-block-spacer\"><\/div>\n\n\n\n<h2 class=\"wp-block-heading has-black-color has-text-color\">ROBERT ERIKSSON<\/h2>\n\n\n\n<p class=\"has-black-color has-text-color\">\u201dH\u00e4r investerar man i sin personal\u201d<\/p>\n\n\n\n<hr class=\"wp-block-separator has-css-opacity is-style-wide\"\/>\n<\/div><\/div>\n\n\n\n<div class=\"wp-block-columns alignwide is-layout-flex wp-container-core-columns-is-layout-9d6595d7 wp-block-columns-is-layout-flex\">\n<div class=\"wp-block-column is-layout-flow wp-block-column-is-layout-flow\" style=\"flex-basis:66.66%\">\n<div style=\"height:50px\" aria-hidden=\"true\" class=\"wp-block-spacer\"><\/div>\n\n\n\n<p class=\"has-medium-font-size\"><em>Robert Eriksson \u00e4r den l\u00f6pvillige arbetsledaren p\u00e5 lagret. Hans dagar g\u00e5r till att sk\u00f6ta om allt ifr\u00e5n att se \u00f6ver n\u00e4rvaro p\u00e5 morgonen till att se till s\u00e5 att avdelningen rullar.<\/em><\/p>\n\n\n\n<p>&#8211; En typisk dag, den finns inte. Ingen dag \u00e4r den andra lik, s\u00e4ger Robert. Ena dagen hj\u00e4lper jag till med att skriva ut fraktsedlar, en annan kan jag se \u00f6ver lagersaldon. \u00c4r n\u00e5gon ledig hj\u00e4lper jag till med dennes arbetsuppgifter. Vi \u00e4r m\u00e5nga som hj\u00e4lps \u00e5t, s\u00e5 att verksamheten flyter s\u00e5 smidigt som m\u00f6jligt.<\/p>\n\n\n\n<h2 class=\"wp-block-heading\">Omv\u00e4xlande arbete och f\u00f6retagets engagemang<\/h2>\n\n\n\n<p>Variationen av arbetsuppgifter \u00e4r en av de faktorer som g\u00f6r att Robert trivs s\u00e5 bra.&nbsp;<\/p>\n\n\n\n<p>&#8211; Weland \u00e4r en v\u00e4ldigt bra arbetsplats d\u00e4r man hela tiden st\u00e4lls inf\u00f6r nya utmaningar. Du f\u00e5r chansen att utvecklas och l\u00e4r dig hela tiden n\u00e5got nytt. En annan viktig faktor \u00e4r alla de investeringar Weland g\u00f6r.&nbsp;<\/p>\n\n\n\n<p>&#8211; Det \u00e4r roligt med ett f\u00f6retag som satsar s\u00e5 mycket, inte bara i sin anl\u00e4ggning utan \u00e4ven i sin personal. F\u00f6rutom en personalklubb och en friskv\u00e5rdsgrupp som uppmuntrar till r\u00f6relse har vi nu ett helt nytt aktivitetscenter, Weland Active. P\u00e5 en yta av 2.100m<sup>2<\/sup> huserar ett fullt utrustat gym, tv\u00e5 padelbanor, en golfsimulator samt en skyttesimulator. H\u00e4r finns verkligen n\u00e5got f\u00f6r alla. Dessutom har vi, i mitt tycke, en av Sveriges b\u00e4sta personalmatsalar med otroligt god mat!&nbsp;<\/p>\n\n\n\n<h2 class=\"wp-block-heading\">En aktiv fritid, med kollegor<\/h2>\n\n\n\n<p>F\u00f6rutom att Robert engagerar sig i sina tre barns fritidsaktiviteter, s\u00e5 spelar han b\u00e5de pingis i div.2 och l\u00f6ptr\u00e4nar minst 3 &#8211; 5 g\u00e5nger i veckan.<\/p>\n\n\n\n<p>&#8211; En kollega h\u00e4r p\u00e5 Weland \u00f6vertalade mig att f\u00f6lja med p\u00e5 en l\u00f6ptr\u00e4ning och sedan dess har intresset bara v\u00e4xt. En g\u00e5ng i veckan samlar jag de kollegor som vill f\u00f6r en timmes l\u00f6ptr\u00e4ning. Uppl\u00e4gget \u00e4r satt s\u00e5 att alla kan vara med, nyb\u00f6rjare som vana l\u00f6pare. Samtidigt som det st\u00e4rker v\u00e5r h\u00e4lsa bygger vi upp gemenskapen och sammanh\u00e5llningen. Alla vinner p\u00e5 det!<\/p>\n\n\n\n<p>&#8211; Welands friskv\u00e5rdssatsning tycker jag \u00e4r v\u00e4ldigt rolig och bra. Friskv\u00e5rdsgruppen g\u00f6r ett fantastiskt jobb med att f\u00e5 ihop en mix av aktiviteter. Allt fr\u00e5n j\u00e4ttesatsningen p\u00e5 Stafettvasan till Stegutmaningen som lockade till vardagsmotion. De f\u00f6rs\u00f6ker hitta aktiviteter som fungerar f\u00f6r alla, oavsett niv\u00e5.<\/p>\n\n\n\n<p>&#8211; Kort och gott \u00e4r Weland ett fantastiskt f\u00f6retag att jobba p\u00e5, avslutar Robert.<\/p>\n<\/div>\n\n\n\n<div class=\"wp-block-column is-layout-flow wp-block-column-is-layout-flow\" style=\"flex-basis:33.33%\"><div class=\"row\">\n        <div class=\"col-12 ProductInfoBox\">\n        <div id=\"ProductCarousel-block_70d4d27dd75d350e2ef1a472d95d1cfe\" class=\"welandCarousel carousel slide\"\n             data-interval=\"false\" data-ride=\"carousel\">\n                                    <div class=\"carousel-inner\" style=\"\">\n                                                                                            <div class=\"carousel-item active\">\n                        <div class=\"magnifier-box c\">\n                                                        <a href=\"https:\/\/www.weland.com\/wp-content\/uploads\/2022\/10\/robert_eriksson-aw00014607.jpg\" \n                               data-caption=\"Robert Eriksson, medarbetare p\u00e5 Weland AB.\"\n                               data-photoswipe=\"photoswipe-block_70d4d27dd75d350e2ef1a472d95d1cfe\"\n                               class=\"lightbox-gallery\" data-width=\"468\"\n                               data-height=\"832\"\n                               data-fancybox=\"gallery-block_70d4d27dd75d350e2ef1a472d95d1cfe\">\n                                                                <div class=\"lightbox-container\">\n                                    <img decoding=\"async\" src=\"https:\/\/www.weland.com\/wp-content\/uploads\/2022\/10\/robert_eriksson-aw00014607.jpg\"\n                                         alt=\"Robert Eriksson, medarbetare p\u00e5 Weland AB.\" class=\"d-block w-100\">\n                                      \n\n\n                                      \n                                    <div class=\"buttons\">\n                                        <i class=\"fal fa-search fa-2x\" aria-hidden=\"true\"><\/i>\n                                    <\/div>\n                                <\/div>\n                                                            <\/a>\n                                                    <\/div>\n                    <\/div>\n                                                <\/div>\n                    <\/div>\n    <\/div>\n<\/div>\n\n\n\n<p><br><\/p>\n<\/div>\n<\/div>\n","protected":false},"excerpt":{"rendered":"<p>ROBERT ERIKSSON \u201dH\u00e4r investerar man i sin personal\u201d Robert Eriksson \u00e4r [&hellip;]<\/p>\n","protected":false},"author":7,"featured_media":21140,"comment_status":"open","ping_status":"open","sticky":false,"template":"","format":"standard","meta":{"_acf_changed":false,"inline_featured_image":false,"footnotes":""},"categories":[129],"tags":[],"class_list":["post-20789","post","type-post","status-publish","format-standard","has-post-thumbnail","hentry","category-medarbetare"],"acf":[],"featured_image_src":"https:\/\/www.weland.com\/wp-content\/uploads\/2022\/10\/robert_eriksson-aw00014601-1200x600-1.jpg","author_info":{"display_name":"Carin Elvhammar","author_link":"https:\/\/www.weland.com\/sv\/author\/carin\/"},"_links":{"self":[{"href":"https:\/\/www.weland.com\/sv\/wp-json\/wp\/v2\/posts\/20789","targetHints":{"allow":["GET"]}}],"collection":[{"href":"https:\/\/www.weland.com\/sv\/wp-json\/wp\/v2\/posts"}],"about":[{"href":"https:\/\/www.weland.com\/sv\/wp-json\/wp\/v2\/types\/post"}],"author":[{"embeddable":true,"href":"https:\/\/www.weland.com\/sv\/wp-json\/wp\/v2\/users\/7"}],"replies":[{"embeddable":true,"href":"https:\/\/www.weland.com\/sv\/wp-json\/wp\/v2\/comments?post=20789"}],"version-history":[{"count":12,"href":"https:\/\/www.weland.com\/sv\/wp-json\/wp\/v2\/posts\/20789\/revisions"}],"predecessor-version":[{"id":25774,"href":"https:\/\/www.weland.com\/sv\/wp-json\/wp\/v2\/posts\/20789\/revisions\/25774"}],"wp:featuredmedia":[{"embeddable":true,"href":"https:\/\/www.weland.com\/sv\/wp-json\/wp\/v2\/media\/21140"}],"wp:attachment":[{"href":"https:\/\/www.weland.com\/sv\/wp-json\/wp\/v2\/media?parent=20789"}],"wp:term":[{"taxonomy":"category","embeddable":true,"href":"https:\/\/www.weland.com\/sv\/wp-json\/wp\/v2\/categories?post=20789"},{"taxonomy":"post_tag","embeddable":true,"href":"https:\/\/www.weland.com\/sv\/wp-json\/wp\/v2\/tags?post=20789"}],"curies":[{"name":"wp","href":"https:\/\/api.w.org\/{rel}","templated":true}]}}